{"id":806,"date":"2020-10-30T11:04:55","date_gmt":"2020-10-30T11:04:55","guid":{"rendered":"https:\/\/digitvc.eu\/website\/?p=806"},"modified":"2020-10-30T11:11:58","modified_gmt":"2020-10-30T11:11:58","slug":"sudoe-apoia-mais-digitalizacao-para-a-industria-textil","status":"publish","type":"post","link":"https:\/\/digitvc.eu\/pt-pt\/sudoe-apoia-mais-digitalizacao-para-a-industria-textil\/","title":{"rendered":"Sudoe apoia mais digitaliza\u00e7\u00e3o para a ind\u00fastria T\u00eaxtil"},"content":{"rendered":"<p>A Confedera\u00e7\u00e3o espanhola da Ind\u00fastria T\u00eaxtil (Texfor) lan\u00e7ou o projeto DigiTVC, cofinanciado pelo Programa Interreg Sudoe, com o objetivo de implementar mais digitaliza\u00e7\u00e3o para a ind\u00fastria t\u00eaxtil em Portugal, Espanha e Fran\u00e7a.<\/p>\n<p>O projeto visa facilitar o acesso a novas metodologias e ferramentas digitais e abordar alguns dos principais desafios do futuro, como a transforma\u00e7\u00e3o tecnol\u00f3gica, a costumiza\u00e7\u00e3o, rastreabilidade, conectividade e efici\u00eancia.<\/p>\n<p>O DigiTVC \u00e9 cofinanciado pelo FEDER &#8211; Fundo Europeu de Desenvolvimento Regional, atrav\u00e9s do Programa de Coopera\u00e7\u00e3o Territorial Europeia Interreg Sudoe.<\/p>\n<p>Segundo a entidade promotora, o programa alcan\u00e7ar\u00e1 cerca de cinco mil empresas t\u00eaxteis e abordar\u00e1 o desafio da digitaliza\u00e7\u00e3o em tr\u00eas linhas de a\u00e7\u00e3o:<\/p>\n<ul>\n<li>Diagn\u00f3stico das necessidades cr\u00edticas de digitaliza\u00e7\u00e3o da cadeia de valor t\u00eaxtil;<\/li>\n<li>Colabora\u00e7\u00e3o com startups para o desenvolvimento de solu\u00e7\u00f5es tecnol\u00f3gicas;<\/li>\n<li>Desenvolvimento e sistematiza\u00e7\u00e3o de protocolos de digitaliza\u00e7\u00e3o;<\/li>\n<\/ul>\n<p>A digitaliza\u00e7\u00e3o \u00e9 uma das prioridades do setor t\u00eaxtil nacional, como refere o presidente da ATP, M\u00e1rio Jorge Machado, para quem \u201cestamos num momento desafiante: a ind\u00fastria 4.0 e o desafio digital, que vai introduzir a robotiza\u00e7\u00e3o e a Intelig\u00eancia Artificial s\u00e3o uma oportunidade para os trabalhadores da nossa ind\u00fastria\u201d.<\/p>\n<p>\u201cA substitui\u00e7\u00e3o do trabalho pesado e menos espec\u00edfico por m\u00e1quinas vai colocar desafios que implicam novos conhecimentos e a liberta\u00e7\u00e3o para tarefas dirigidas para a criatividade e a inova\u00e7\u00e3o\u201d, disse ainda.<\/p>\n<p>Al\u00e9m da Texfor, fazem parte do projeto a Ag\u00eancia de Competitividade da Empresa (Acci\u00f3) e a Associa\u00e7\u00e3o de Investiga\u00e7\u00e3o da Ind\u00fastria T\u00eaxtil (Aitex), ambas espanholas, o CITEVE e o munic\u00edpio de Vila Nova de Famalic\u00e3o pelo lado portugu\u00eas, e as entidades francesas Uni\u00e3o das Ind\u00fastrias T\u00eaxteis do Sul (Uit Sud) e o Instituto de Artes e M\u00e9todos (Icam).<\/p>\n","protected":false},"excerpt":{"rendered":"<p>A Confedera\u00e7\u00e3o espanhola da Ind\u00fastria T\u00eaxtil (Texfor) lan\u00e7ou o projeto DigiTVC, cofinanciado pelo Programa Interreg&#8230;<\/p>\n","protected":false},"author":1,"featured_media":810,"comment_status":"closed","ping_status":"closed","sticky":false,"template":"","format":"standard","meta":{"_seopress_robots_primary_cat":"","_seopress_titles_title":"","_seopress_titles_desc":"","_seopress_robots_index":""},"categories":[3],"tags":[],"_links":{"self":[{"href":"https:\/\/digitvc.eu\/pt-pt\/wp-json\/wp\/v2\/posts\/806"}],"collection":[{"href":"https:\/\/digitvc.eu\/pt-pt\/wp-json\/wp\/v2\/posts"}],"about":[{"href":"https:\/\/digitvc.eu\/pt-pt\/wp-json\/wp\/v2\/types\/post"}],"author":[{"embeddable":true,"href":"https:\/\/digitvc.eu\/pt-pt\/wp-json\/wp\/v2\/users\/1"}],"replies":[{"embeddable":true,"href":"https:\/\/digitvc.eu\/pt-pt\/wp-json\/wp\/v2\/comments?post=806"}],"version-history":[{"count":1,"href":"https:\/\/digitvc.eu\/pt-pt\/wp-json\/wp\/v2\/posts\/806\/revisions"}],"predecessor-version":[{"id":807,"href":"https:\/\/digitvc.eu\/pt-pt\/wp-json\/wp\/v2\/posts\/806\/revisions\/807"}],"wp:featuredmedia":[{"embeddable":true,"href":"https:\/\/digitvc.eu\/pt-pt\/wp-json\/wp\/v2\/media\/810"}],"wp:attachment":[{"href":"https:\/\/digitvc.eu\/pt-pt\/wp-json\/wp\/v2\/media?parent=806"}],"wp:term":[{"taxonomy":"category","embeddable":true,"href":"https:\/\/digitvc.eu\/pt-pt\/wp-json\/wp\/v2\/categories?post=806"},{"taxonomy":"post_tag","embeddable":true,"href":"https:\/\/digitvc.eu\/pt-pt\/wp-json\/wp\/v2\/tags?post=806"}],"curies":[{"name":"wp","href":"https:\/\/api.w.org\/{rel}","templated":true}]}}